{"id":2861,"date":"2023-04-18T16:21:14","date_gmt":"2023-04-18T16:21:14","guid":{"rendered":"https:\/\/www.propiedadeslafertte.cl\/?p=2861"},"modified":"2023-08-10T02:17:33","modified_gmt":"2023-08-10T02:17:33","slug":"venta-terreno-con-locales-comerciales","status":"publish","type":"post","link":"https:\/\/www.propiedadeslafertte.cl\/?p=2861","title":{"rendered":"Venta: Terreno con locales comerciales"},"content":{"rendered":"<div><strong>VENTA<\/strong><\/div>\n<div><b>UF 5.000<\/b><\/div>\n<div>Terreno con Locales Comerciales<\/div>\n<div>Calle Concepci\u00f3n<\/div>\n<div>QUILLOTA<\/div>\n<div><\/div>\n<div>Caracter\u00edsticas<\/div>\n<div><\/div>\n<div>364 mts.2 terreno<\/div>\n<div>227 mts.2 construido<\/div>\n<div>&#8211; Suministro el\u00e9ctrico<\/div>\n<div>&#8211; Agua potable<\/div>\n<div>&#8211; Alcantarillado<\/div>\n<div>&#8211; Local 1, 24 mts.2 aprox.<\/div>\n<div>&#8211; Local 2, 54 mts.2 aprox.<\/div>\n<div>&#8211; Local 3, 65 mts.2 aprox.<\/div>\n<div>&#8211; Depto.interior en buen estado, posee<\/div>\n<div>\n<ul>\n<li>Dormitorios<\/li>\n<li>Living-Comedor<\/li>\n<li>Cocina<\/li>\n<li>1 ba\u00f1o<\/li>\n<\/ul>\n<div>La propiedad tiene su techumbre con Zinc, cambiado a\u00f1o 2022.<\/div>\n<\/div>\n<div>Ubicado a tres cuadras de la plaza y del centro de Quillota, en barrio comercial de repuestos y garaje automotriz, de f\u00e1cil acceso a locomoci\u00f3n colectiva. Cerca de Bancos, supermercados, Municipalidad, centros m\u00e9dicos, notar\u00edas.<\/div>\n<div><\/div>\n<blockquote>\n<div>\n<blockquote><p>Utilice este c\u00f3digo para consultar a trav\u00e9s de nuestro formulario: <strong>2861<\/strong><\/p><\/blockquote>\n<div class=\"clear\"><\/div>\n<\/div>\n<\/blockquote>\n","protected":false},"excerpt":{"rendered":"<p>VENTA UF 5.000 Terreno con Locales Comerciales Calle Concepci\u00f3n QUILLOTA Caracter\u00edsticas 364 mts.2 terreno 227 mts.2 construido &#8211; Suministro el\u00e9ctrico &#8211; Agua potable &#8211; Alcantarillado &#8211; Local 1, 24 mts.2 aprox. &#8211; Local 2, 54 mts.2 aprox. &#8211; Local 3, 65 mts.2 aprox. &#8211; Depto.interior en buen estado, posee Dormitorios Living-Comedor Cocina 1 ba\u00f1o La [&hellip;]<\/p>\n","protected":false},"author":1,"featured_media":2870,"comment_status":"open","ping_status":"closed","sticky":false,"template":"","format":"standard","meta":{"footnotes":""},"categories":[59,64,137],"tags":[],"class_list":["post-2861","post","type-post","status-publish","format-standard","has-post-thumbnail","hentry","category-featured","category-64","category-137"],"_links":{"self":[{"href":"https:\/\/www.propiedadeslafertte.cl\/index.php?rest_route=\/wp\/v2\/posts\/2861"}],"collection":[{"href":"https:\/\/www.propiedadeslafertte.cl\/index.php?rest_route=\/wp\/v2\/posts"}],"about":[{"href":"https:\/\/www.propiedadeslafertte.cl\/index.php?rest_route=\/wp\/v2\/types\/post"}],"author":[{"embeddable":true,"href":"https:\/\/www.propiedadeslafertte.cl\/index.php?rest_route=\/wp\/v2\/users\/1"}],"replies":[{"embeddable":true,"href":"https:\/\/www.propiedadeslafertte.cl\/index.php?rest_route=%2Fwp%2Fv2%2Fcomments&post=2861"}],"version-history":[{"count":2,"href":"https:\/\/www.propiedadeslafertte.cl\/index.php?rest_route=\/wp\/v2\/posts\/2861\/revisions"}],"predecessor-version":[{"id":2972,"href":"https:\/\/www.propiedadeslafertte.cl\/index.php?rest_route=\/wp\/v2\/posts\/2861\/revisions\/2972"}],"wp:featuredmedia":[{"embeddable":true,"href":"https:\/\/www.propiedadeslafertte.cl\/index.php?rest_route=\/wp\/v2\/media\/2870"}],"wp:attachment":[{"href":"https:\/\/www.propiedadeslafertte.cl\/index.php?rest_route=%2Fwp%2Fv2%2Fmedia&parent=2861"}],"wp:term":[{"taxonomy":"category","embeddable":true,"href":"https:\/\/www.propiedadeslafertte.cl\/index.php?rest_route=%2Fwp%2Fv2%2Fcategories&post=2861"},{"taxonomy":"post_tag","embeddable":true,"href":"https:\/\/www.propiedadeslafertte.cl\/index.php?rest_route=%2Fwp%2Fv2%2Ftags&post=2861"}],"curies":[{"name":"wp","href":"https:\/\/api.w.org\/{rel}","templated":true}]}}