{"id":2989,"date":"2023-09-11T02:18:03","date_gmt":"2023-09-11T02:18:03","guid":{"rendered":"https:\/\/www.propiedadeslafertte.cl\/?p=2989"},"modified":"2023-12-20T21:02:33","modified_gmt":"2023-12-20T21:02:33","slug":"arriendo-depto-en-quillota","status":"publish","type":"post","link":"https:\/\/www.propiedadeslafertte.cl\/?p=2989","title":{"rendered":"Arriendo: Depto en Quillota"},"content":{"rendered":"<p><span style=\"color: #ff0000;\"><strong>ARRENDADO<\/strong><\/span><br aria-hidden=\"true\" \/>$350.000.- gastos comunes incluidos<br aria-hidden=\"true\" \/>Departamento 3er.piso<br aria-hidden=\"true\" \/>Condominio Los Libertadores<br aria-hidden=\"true\" \/>QUILLOTA<br aria-hidden=\"true\" \/><br aria-hidden=\"true\" \/><strong>Caracter\u00edsticas<\/strong><br aria-hidden=\"true\" \/>3 dormitorios<br aria-hidden=\"true\" \/>2 ba\u00f1os<br aria-hidden=\"true\" \/>Living-comedor<br aria-hidden=\"true\" \/>Cocina<br aria-hidden=\"true\" \/>Logia<br aria-hidden=\"true\" \/>Estacionamiento<br aria-hidden=\"true\" \/><br aria-hidden=\"true\" \/>Ubicado en sector residencial, cerca de locomoci\u00f3n colectiva, minimarket, centros m\u00e9dicos, cl\u00ednicas dentales, peluquer\u00edas, verduler\u00edas\u00a0 colegios, supermercados, bancos, iglesias, cine, tiendas comerciales, queda a cinco cuadras del centro de Quillota.<\/p>\n<blockquote><p>Utilice este c\u00f3digo para consultar a trav\u00e9s de nuestro formulario: <strong>2989<\/strong><\/p><\/blockquote>\n<div class=\"clear\"><\/div>\n","protected":false},"excerpt":{"rendered":"<p>ARRENDADO$350.000.- gastos comunes incluidosDepartamento 3er.pisoCondominio Los LibertadoresQUILLOTACaracter\u00edsticas3 dormitorios2 ba\u00f1osLiving-comedorCocinaLogiaEstacionamientoUbicado en sector residencial, cerca de locomoci\u00f3n colectiva, minimarket, centros m\u00e9dicos, cl\u00ednicas dentales, peluquer\u00edas, verduler\u00edas\u00a0 colegios, supermercados, bancos, iglesias, cine, tiendas comerciales, queda a cinco cuadras del centro de Quillota. Utilice este c\u00f3digo para consultar a trav\u00e9s de nuestro formulario: 2989<\/p>\n","protected":false},"author":1,"featured_media":2990,"comment_status":"open","ping_status":"closed","sticky":false,"template":"","format":"standard","meta":{"footnotes":""},"categories":[61,59],"tags":[],"class_list":["post-2989","post","type-post","status-publish","format-standard","has-post-thumbnail","hentry","category-61","category-featured"],"_links":{"self":[{"href":"https:\/\/www.propiedadeslafertte.cl\/index.php?rest_route=\/wp\/v2\/posts\/2989"}],"collection":[{"href":"https:\/\/www.propiedadeslafertte.cl\/index.php?rest_route=\/wp\/v2\/posts"}],"about":[{"href":"https:\/\/www.propiedadeslafertte.cl\/index.php?rest_route=\/wp\/v2\/types\/post"}],"author":[{"embeddable":true,"href":"https:\/\/www.propiedadeslafertte.cl\/index.php?rest_route=\/wp\/v2\/users\/1"}],"replies":[{"embeddable":true,"href":"https:\/\/www.propiedadeslafertte.cl\/index.php?rest_route=%2Fwp%2Fv2%2Fcomments&post=2989"}],"version-history":[{"count":2,"href":"https:\/\/www.propiedadeslafertte.cl\/index.php?rest_route=\/wp\/v2\/posts\/2989\/revisions"}],"predecessor-version":[{"id":3041,"href":"https:\/\/www.propiedadeslafertte.cl\/index.php?rest_route=\/wp\/v2\/posts\/2989\/revisions\/3041"}],"wp:featuredmedia":[{"embeddable":true,"href":"https:\/\/www.propiedadeslafertte.cl\/index.php?rest_route=\/wp\/v2\/media\/2990"}],"wp:attachment":[{"href":"https:\/\/www.propiedadeslafertte.cl\/index.php?rest_route=%2Fwp%2Fv2%2Fmedia&parent=2989"}],"wp:term":[{"taxonomy":"category","embeddable":true,"href":"https:\/\/www.propiedadeslafertte.cl\/index.php?rest_route=%2Fwp%2Fv2%2Fcategories&post=2989"},{"taxonomy":"post_tag","embeddable":true,"href":"https:\/\/www.propiedadeslafertte.cl\/index.php?rest_route=%2Fwp%2Fv2%2Ftags&post=2989"}],"curies":[{"name":"wp","href":"https:\/\/api.w.org\/{rel}","templated":true}]}}